{"id":18600,"date":"2024-01-02T10:09:51","date_gmt":"2024-01-02T10:09:51","guid":{"rendered":"https:\/\/flamencogranada.com\/?p=18600"},"modified":"2024-09-10T10:14:51","modified_gmt":"2024-09-10T10:14:51","slug":"quest-ce-que-le-chale-de-manille-et-quelle-est-son-histoire","status":"publish","type":"post","link":"https:\/\/flamencogranada.com\/fr\/blog\/quest-ce-que-le-chale-de-manille-et-quelle-est-son-histoire\/","title":{"rendered":"Qu&rsquo;est-ce que le ch\u00e2le de manille et quelle est son histoire ?"},"content":{"rendered":"<p><b>Le ch\u00e2le de manille est l&rsquo;un des symboles les plus c\u00e9l\u00e8bres de l&rsquo;art magnifique du flamenco.<\/b><span style=\"font-weight: 400;\">Si vous avez eu le plaisir de voir une danseuse en direct, vous avez pu appr\u00e9cier \u00e0 quel point ce v\u00eatement orne la danse par sa beaut\u00e9, ses franges et son drap\u00e9 parfait qui permet des envol\u00e9es parfaites. <\/span><\/p>\n<p><span style=\"font-weight: 400;\">Mais qu&rsquo;est-ce que le ch\u00e2le de manille ? Quelle est son origine ? <\/span><b>Comment \u00eates-vous devenu un acteur cl\u00e9 du flamenco ?<\/b><span style=\"font-weight: 400;\"> Jardines de Zoraya r\u00e9pondra \u00e0 toutes ces questions et plus encore, voyons voir : <\/span><\/p>\n<h2><span style=\"font-weight: 400;\">Qu&rsquo;est-ce qu&rsquo;un ch\u00e2le de manille ? <\/span><\/h2>\n<p><span style=\"font-weight: 400;\">Le ch\u00e2le manille est <\/span><b>une toile carr\u00e9e g\u00e9n\u00e9ralement faite de soie et d\u00e9cor\u00e9e de belles broderies aux couleurs vives, repr\u00e9sentant g\u00e9n\u00e9ralement des oiseaux, des fleurs ou des motifs fantaisistes.<\/b><span style=\"font-weight: 400;\"> Le ch\u00e2le de manille est une toile carr\u00e9e g\u00e9n\u00e9ralement fabriqu\u00e9e en soie et d\u00e9cor\u00e9e de belles broderies aux couleurs vives, repr\u00e9sentant g\u00e9n\u00e9ralement des oiseaux, des fleurs ou des motifs fantaisistes.<\/span><\/p>\n<p><span style=\"font-weight: 400;\">Pour l&#8217;embellir encore, les bords du v\u00eatement sont orn\u00e9s d&rsquo;\u00e9l\u00e9gantes franges, qui assurent le drap\u00e9 et donnent de l&rsquo;\u00e9lan au v\u00eatement dans les diff\u00e9rents mouvements ex\u00e9cut\u00e9s par les danseuses. <\/span><\/p>\n<p><span style=\"font-weight: 400;\">D&rsquo;autre part, nous devons garder \u00e0 l&rsquo;esprit que, <\/span><b>Bien que le ch\u00e2le de manille soit g\u00e9n\u00e9ralement associ\u00e9 au monde du flamenco, ce v\u00eatement n&rsquo;est pas exclusif au flamenco.<\/b><span style=\"font-weight: 400;\">On le retrouve \u00e9galement chez les femmes andalouses (dans et hors du flamenco) et dans la manola madrile\u00f1a, ce n&rsquo;est donc pas un v\u00eatement r\u00e9serv\u00e9 aux femmes <\/span><a href=\"https:\/\/flamencogranada.com\/fr\/blog\/robe-flamenco-histoire-et-origines\/\" target=\"_blank\" rel=\"noopener\"><span style=\"font-weight: 400;\">robe flamenco<\/span><\/a><span style=\"font-weight: 400;\">. <\/span><\/p>\n<h2><span style=\"font-weight: 400;\">Quelle est l&rsquo;origine du ch\u00e2le de manille ? <\/span><\/h2>\n<p><span style=\"font-weight: 400;\">Je pense que nous pensons tous \u00e0 l&rsquo;Espagne lorsque nous entendons le mot ch\u00e2le de manille, mais \u00e0 la surprise de beaucoup, <\/span><b>Son origine remonte en fait \u00e0 la Chine<\/b><span style=\"font-weight: 400;\">Ce v\u00eatement a \u00e9t\u00e9 fabriqu\u00e9 sur le continent asiatique et est arriv\u00e9 en Espagne par les routes commerciales des Philippines et du Mexique pendant la p\u00e9riode imp\u00e9riale espagnole (1500-1800). <\/span><\/p>\n<p><span style=\"font-weight: 400;\">\u00c0 tel point que le nom de ch\u00e2le de Manille provient de cette m\u00eame origine, Manille \u00e9tant (et \u00e9tant \u00e0 l&rsquo;\u00e9poque) la capitale des Philippines. <\/span><\/p>\n<p><span style=\"font-weight: 400;\">En outre, \u00e0 cette \u00e9poque, le ch\u00e2le de manille \u00e9tait consid\u00e9r\u00e9 comme un v\u00eatement de haut rang, car il \u00e9tait g\u00e9n\u00e9ralement achet\u00e9 par les femmes espagnoles de la classe sup\u00e9rieure. <\/span><\/p>\n<h2><span style=\"font-weight: 400;\">Le ch\u00e2le de manille dans le monde du flamenco<\/span><\/h2>\n<p><span style=\"font-weight: 400;\">Bien que ce v\u00eatement ait \u00e9t\u00e9 consid\u00e9r\u00e9 comme un signe de statut pendant des ann\u00e9es, nous savons tous que les modes passent, et il en a \u00e9t\u00e9 de m\u00eame pour le ch\u00e2le de manille au cours de la premi\u00e8re moiti\u00e9 du XIXe si\u00e8cle.<\/span><\/p>\n<p><span style=\"font-weight: 400;\">\u00c0 cette \u00e9poque, la puissante industrie textile anglaise et la mode europ\u00e9enne ont donn\u00e9 le ton, en mettant \u00e0 la mode des tons plus sobres et plus gris dans les v\u00eatements f\u00e9minins. En raison des nouvelles tendances, le ch\u00e2le de manille est progressivement tomb\u00e9 en d\u00e9su\u00e9tude au sein de la bourgeoisie espagnole, devenant un \u00e9l\u00e9ment de l&rsquo;habillement quotidien des \u00ab\u00a0couches sociales\u00a0\u00bb inf\u00e9rieures.<\/span><\/p>\n<p><span style=\"font-weight: 400;\">\u00c0 cette \u00e9poque, <\/span><b>le ch\u00e2le de manille fait partie de la garde-robe commune des manolas madrile\u00f1as et des femmes des castes gitanes, raison principale pour laquelle il devient de plus en plus important dans le flamenco.<\/b><span style=\"font-weight: 400;\">C&rsquo;est la raison principale pour laquelle il est devenu de plus en plus important dans le flamenco.<\/span><\/p>\n<p><span style=\"font-weight: 400;\">Au fil du temps, il est \u00e9galement devenu un v\u00eatement presque essentiel dans la garde-robe des danseuses de flamenco, et une pi\u00e8ce facultative mais courante pour les chanteuses de flamenco. <\/span><\/p>\n<h3><span style=\"font-weight: 400;\">Qui utilise le ch\u00e2le de manille ? <\/span><\/h3>\n<p><span style=\"font-weight: 400;\">Comme nous venons de le voir, cette pi\u00e8ce est g\u00e9n\u00e9ralement utilis\u00e9e par les cantaoras, simplement pour embellir leur look, et ce sont les bailaoras qui en tirent le meilleur parti. <\/span><\/p>\n<p><span style=\"font-weight: 400;\">S&rsquo;il est vrai que l&rsquo;utilisation du ch\u00e2le de manille dans le flamenco est presque une \u00ab\u00a0co\u00efncidence\u00a0\u00bb, personne ne doute qu&rsquo;il ajoute une beaut\u00e9 suppl\u00e9mentaire \u00e0 une danse qui en respire d\u00e9j\u00e0.<\/span><\/p>\n<p><span style=\"font-weight: 400;\">La principale raison pour laquelle les danseurs portent ce magnifique v\u00eatement est la suivante, <\/span><b>lorsqu&rsquo;il est bien port\u00e9, il devient un prolongement des mouvements du danseur, permettant d&rsquo;obtenir des mouvements plus larges, plus harmonieux et plus d\u00e9licats, en partie gr\u00e2ce aux franges qui cr\u00e9ent de beaux effets sur la piste de danse.<\/b><span style=\"font-weight: 400;\">Les franges, qui cr\u00e9ent de beaux effets sur sc\u00e8ne, rendent les mouvements plus amples, plus harmonieux et plus d\u00e9licats.<\/span><\/p>\n<h3><span style=\"font-weight: 400;\">Les mouvements cl\u00e9s du ch\u00e2le de manille<\/span><\/h3>\n<p><span style=\"font-weight: 400;\">La fa\u00e7on dont le ch\u00e2le est plac\u00e9 pendant la danse d\u00e9pend de nombreux facteurs, tels que le palo jou\u00e9 ou l&rsquo;effet que vous souhaitez cr\u00e9er \u00e0 chaque pas de danse. <\/span><\/p>\n<p><span style=\"font-weight: 400;\">Cependant, <\/span><b>les modes d&rsquo;utilisation les plus courants sont attach\u00e9s aux bras, de mani\u00e8re \u00e0 accompagner le braceo du danseur, en l&rsquo;agitant devant et derri\u00e8re le corps, ou m\u00eame en imitant le mouvement de la cape dans la tauromachie.<\/b><span style=\"font-weight: 400;\">Cependant, les fa\u00e7ons les plus courantes de l&rsquo;utiliser sont de le tenir aux bras, de mani\u00e8re \u00e0 ce qu&rsquo;il accompagne le balancement du danseur, en l&rsquo;agitant devant et derri\u00e8re le corps, voire en imitant le mouvement de la cape dans la tauromachie. <\/span><\/p>\n<p><span style=\"font-weight: 400;\">Bien s\u00fbr, il y a beaucoup d&rsquo;autres mouvements que vous pouvez d\u00e9couvrir dans les<\/span> <a href=\"https:\/\/flamencogranada.com\/fr\/spectacles\/\" target=\"_blank\" rel=\"noopener\"><span style=\"font-weight: 400;\">spectacles de flamenco <\/span><\/a><span style=\"font-weight: 400;\">que nous pr\u00e9sentons tous les soirs \u00e0 Jardines de Zoraya. <\/span><\/p>\n<h3><span style=\"font-weight: 400;\">Caract\u00e9ristiques du ch\u00e2le de Manille<\/span><\/h3>\n<p><span style=\"font-weight: 400;\">Pour qu&rsquo;un ch\u00e2le de manille soit adapt\u00e9 \u00e0 la danse flamenco, il doit r\u00e9pondre aux caract\u00e9ristiques suivantes :<\/span><\/p>\n<ul>\n<li style=\"font-weight: 400;\" aria-level=\"1\"><b>Brod\u00e9 \u00e0 la main et fabriqu\u00e9 en soie.<\/b><span style=\"font-weight: 400;\">Sa beaut\u00e9 r\u00e9side dans son caract\u00e8re unique. <\/span><\/li>\n<li style=\"font-weight: 400;\" aria-level=\"1\"><b>Il mesure 145 cm, avec 21 cm de treillis et 30 cm de frange.<\/b><span style=\"font-weight: 400;\">. <\/span><\/li>\n<li style=\"font-weight: 400;\" aria-level=\"1\"><b>Il doit \u00eatre suffisamment lourd pour ne pas se froisser pendant la danse.<\/b><span style=\"font-weight: 400;\">. On y trouve des ch\u00e2les de manille pesant jusqu&rsquo;\u00e0 2 kg. <\/span><\/li>\n<\/ul>\n<p><span style=\"font-weight: 400;\">Maintenant que vous savez <\/span><b>ce qu&rsquo;est un ch\u00e2le de manille et quelle est son histoire<\/b><span style=\"font-weight: 400;\">il suffit de le voir vivre entre les mains de<\/span><a href=\"https:\/\/flamencogranada.com\/fr\/artistes\/\" target=\"_blank\" rel=\"noopener\"> n<span style=\"font-weight: 400;\">os artistes contemporains<\/span><\/a><span style=\"font-weight: 400;\">. \u00c0 Jardines de Zoraya, nous vous attendons tous les soirs avec les meilleurs spectacles de flamenco de Grenade. Venez nous rencontrer et laissez-vous surprendre. <\/span><\/p>\n","protected":false},"excerpt":{"rendered":"<p>Le ch\u00e2le de manille est l&rsquo;un des symboles les plus c\u00e9l\u00e8bres de l&rsquo;art magnifique du flamenco.Si vous avez eu le plaisir de voir une danseuse en direct, vous avez pu appr\u00e9cier \u00e0 quel point ce v\u00eatement orne la danse par sa beaut\u00e9, ses franges et son drap\u00e9 parfait qui permet des envol\u00e9es parfaites. Mais qu&rsquo;est-ce [&hellip;]<\/p>\n","protected":false},"author":8,"featured_media":18592,"comment_status":"closed","ping_status":"closed","sticky":false,"template":"","format":"standard","meta":{"_acf_changed":false,"footnotes":""},"categories":[12],"tags":[],"class_list":["post-18600","post","type-post","status-publish","format-standard","has-post-thumbnail","hentry","category-histoire"],"acf":[],"yoast_head":"<!-- This site is optimized with the Yoast SEO plugin v27.5 - https:\/\/yoast.com\/product\/yoast-seo-wordpress\/ -->\n<title>Ch\u00e2le de Manille : qu&#039;est-ce que c&#039;est et quelle est son histoire ?<\/title>\n<meta name=\"description\" content=\"D\u00e9couvrez ce qu&#039;est le ch\u00e2le de manille et l&#039;histoire de ce magnifique v\u00eatement qui est devenu un symbole du flamenco.\" \/>\n<meta name=\"robots\" content=\"index, follow, max-snippet:-1, max-image-preview:large, max-video-preview:-1\" \/>\n<link rel=\"canonical\" href=\"https:\/\/flamencogranada.com\/fr\/blog\/quest-ce-que-le-chale-de-manille-et-quelle-est-son-histoire\/\" \/>\n<meta property=\"og:locale\" content=\"fr_FR\" \/>\n<meta property=\"og:type\" content=\"article\" \/>\n<meta property=\"og:title\" content=\"Ch\u00e2le de Manille : qu&#039;est-ce que c&#039;est et quelle est son histoire ?\" \/>\n<meta property=\"og:description\" content=\"D\u00e9couvrez ce qu&#039;est le ch\u00e2le de manille et l&#039;histoire de ce magnifique v\u00eatement qui est devenu un symbole du flamenco.\" \/>\n<meta property=\"og:url\" content=\"https:\/\/flamencogranada.com\/fr\/blog\/quest-ce-que-le-chale-de-manille-et-quelle-est-son-histoire\/\" \/>\n<meta property=\"og:site_name\" content=\"Jardines de Zoraya\" \/>\n<meta property=\"article:publisher\" content=\"https:\/\/www.facebook.com\/RestauranteFlamencoGranada\/\" \/>\n<meta property=\"article:published_time\" content=\"2024-01-02T10:09:51+00:00\" \/>\n<meta property=\"article:modified_time\" content=\"2024-09-10T10:14:51+00:00\" \/>\n<meta property=\"og:image\" content=\"https:\/\/flamencogranada.com\/wp-content\/uploads\/2023\/12\/manton-manila.jpg\" \/>\n\t<meta property=\"og:image:width\" content=\"700\" \/>\n\t<meta property=\"og:image:height\" content=\"390\" \/>\n\t<meta property=\"og:image:type\" content=\"image\/jpeg\" \/>\n<meta name=\"author\" content=\"jacinto\" \/>\n<meta name=\"twitter:card\" content=\"summary_large_image\" \/>\n<meta name=\"twitter:label1\" content=\"\u00c9crit par\" \/>\n\t<meta name=\"twitter:data1\" content=\"jacinto\" \/>\n\t<meta name=\"twitter:label2\" content=\"Dur\u00e9e de lecture estim\u00e9e\" \/>\n\t<meta name=\"twitter:data2\" content=\"5 minutes\" \/>\n<!-- \/ Yoast SEO plugin. -->","yoast_head_json":{"title":"Ch\u00e2le de Manille : qu'est-ce que c'est et quelle est son histoire ?","description":"D\u00e9couvrez ce qu'est le ch\u00e2le de manille et l'histoire de ce magnifique v\u00eatement qui est devenu un symbole du flamenco.","robots":{"index":"index","follow":"follow","max-snippet":"max-snippet:-1","max-image-preview":"max-image-preview:large","max-video-preview":"max-video-preview:-1"},"canonical":"https:\/\/flamencogranada.com\/fr\/blog\/quest-ce-que-le-chale-de-manille-et-quelle-est-son-histoire\/","og_locale":"fr_FR","og_type":"article","og_title":"Ch\u00e2le de Manille : qu'est-ce que c'est et quelle est son histoire ?","og_description":"D\u00e9couvrez ce qu'est le ch\u00e2le de manille et l'histoire de ce magnifique v\u00eatement qui est devenu un symbole du flamenco.","og_url":"https:\/\/flamencogranada.com\/fr\/blog\/quest-ce-que-le-chale-de-manille-et-quelle-est-son-histoire\/","og_site_name":"Jardines de Zoraya","article_publisher":"https:\/\/www.facebook.com\/RestauranteFlamencoGranada\/","article_published_time":"2024-01-02T10:09:51+00:00","article_modified_time":"2024-09-10T10:14:51+00:00","og_image":[{"width":700,"height":390,"url":"https:\/\/flamencogranada.com\/wp-content\/uploads\/2023\/12\/manton-manila.jpg","type":"image\/jpeg"}],"author":"jacinto","twitter_card":"summary_large_image","twitter_misc":{"\u00c9crit par":"jacinto","Dur\u00e9e de lecture estim\u00e9e":"5 minutes"},"schema":{"@context":"https:\/\/schema.org","@graph":[{"@type":"Article","@id":"https:\/\/flamencogranada.com\/fr\/blog\/quest-ce-que-le-chale-de-manille-et-quelle-est-son-histoire\/#article","isPartOf":{"@id":"https:\/\/flamencogranada.com\/fr\/blog\/quest-ce-que-le-chale-de-manille-et-quelle-est-son-histoire\/"},"author":{"name":"jacinto","@id":"https:\/\/flamencogranada.com\/fr\/#\/schema\/person\/415d127fe1bdb9c2bc58c068387ea9f5"},"headline":"Qu&rsquo;est-ce que le ch\u00e2le de manille et quelle est son histoire ?","datePublished":"2024-01-02T10:09:51+00:00","dateModified":"2024-09-10T10:14:51+00:00","mainEntityOfPage":{"@id":"https:\/\/flamencogranada.com\/fr\/blog\/quest-ce-que-le-chale-de-manille-et-quelle-est-son-histoire\/"},"wordCount":1099,"publisher":{"@id":"https:\/\/flamencogranada.com\/fr\/#organization"},"image":{"@id":"https:\/\/flamencogranada.com\/fr\/blog\/quest-ce-que-le-chale-de-manille-et-quelle-est-son-histoire\/#primaryimage"},"thumbnailUrl":"https:\/\/flamencogranada.com\/wp-content\/uploads\/2023\/12\/manton-manila.jpg?wsr","articleSection":["L&#039;histoire"],"inLanguage":"fr-FR"},{"@type":"WebPage","@id":"https:\/\/flamencogranada.com\/fr\/blog\/quest-ce-que-le-chale-de-manille-et-quelle-est-son-histoire\/","url":"https:\/\/flamencogranada.com\/fr\/blog\/quest-ce-que-le-chale-de-manille-et-quelle-est-son-histoire\/","name":"Ch\u00e2le de Manille : qu'est-ce que c'est et quelle est son histoire ?","isPartOf":{"@id":"https:\/\/flamencogranada.com\/fr\/#website"},"primaryImageOfPage":{"@id":"https:\/\/flamencogranada.com\/fr\/blog\/quest-ce-que-le-chale-de-manille-et-quelle-est-son-histoire\/#primaryimage"},"image":{"@id":"https:\/\/flamencogranada.com\/fr\/blog\/quest-ce-que-le-chale-de-manille-et-quelle-est-son-histoire\/#primaryimage"},"thumbnailUrl":"https:\/\/flamencogranada.com\/wp-content\/uploads\/2023\/12\/manton-manila.jpg?wsr","datePublished":"2024-01-02T10:09:51+00:00","dateModified":"2024-09-10T10:14:51+00:00","description":"D\u00e9couvrez ce qu'est le ch\u00e2le de manille et l'histoire de ce magnifique v\u00eatement qui est devenu un symbole du flamenco.","breadcrumb":{"@id":"https:\/\/flamencogranada.com\/fr\/blog\/quest-ce-que-le-chale-de-manille-et-quelle-est-son-histoire\/#breadcrumb"},"inLanguage":"fr-FR","potentialAction":[{"@type":"ReadAction","target":["https:\/\/flamencogranada.com\/fr\/blog\/quest-ce-que-le-chale-de-manille-et-quelle-est-son-histoire\/"]}]},{"@type":"ImageObject","inLanguage":"fr-FR","@id":"https:\/\/flamencogranada.com\/fr\/blog\/quest-ce-que-le-chale-de-manille-et-quelle-est-son-histoire\/#primaryimage","url":"https:\/\/flamencogranada.com\/wp-content\/uploads\/2023\/12\/manton-manila.jpg?wsr","contentUrl":"https:\/\/flamencogranada.com\/wp-content\/uploads\/2023\/12\/manton-manila.jpg?wsr","width":700,"height":390,"caption":"mant\u00f3n de manila en el Flamenco"},{"@type":"BreadcrumbList","@id":"https:\/\/flamencogranada.com\/fr\/blog\/quest-ce-que-le-chale-de-manille-et-quelle-est-son-histoire\/#breadcrumb","itemListElement":[{"@type":"ListItem","position":1,"name":"Accueil","item":"https:\/\/flamencogranada.com\/fr\/"},{"@type":"ListItem","position":2,"name":"Qu&#8217;est-ce que le ch\u00e2le de manille et quelle est son histoire ?"}]},{"@type":"WebSite","@id":"https:\/\/flamencogranada.com\/fr\/#website","url":"https:\/\/flamencogranada.com\/fr\/","name":"Jardines Zoraya","description":"Aut\u00e9ntico espect\u00e1culo flamenco en Granada para disfrutar del arte y el baile mientras degustas platos andaluces tradicionales en un tablao en el Albaic\u00edn.","publisher":{"@id":"https:\/\/flamencogranada.com\/fr\/#organization"},"alternateName":"Flamenco en Granada","potentialAction":[{"@type":"SearchAction","target":{"@type":"EntryPoint","urlTemplate":"https:\/\/flamencogranada.com\/fr\/?s={search_term_string}"},"query-input":{"@type":"PropertyValueSpecification","valueRequired":true,"valueName":"search_term_string"}}],"inLanguage":"fr-FR"},{"@type":"Organization","@id":"https:\/\/flamencogranada.com\/fr\/#organization","name":"Jardines de Zoraya Flamenco Granada","alternateName":"Jardines de Zoraya","url":"https:\/\/flamencogranada.com\/fr\/","logo":{"@type":"ImageObject","inLanguage":"fr-FR","@id":"https:\/\/flamencogranada.com\/fr\/#\/schema\/logo\/image\/","url":"https:\/\/flamencogranada.com\/wp-content\/uploads\/2024\/06\/logo-invertido.png?wsr","contentUrl":"https:\/\/flamencogranada.com\/wp-content\/uploads\/2024\/06\/logo-invertido.png?wsr","width":208,"height":102,"caption":"Jardines de Zoraya Flamenco Granada"},"image":{"@id":"https:\/\/flamencogranada.com\/fr\/#\/schema\/logo\/image\/"},"sameAs":["https:\/\/www.facebook.com\/RestauranteFlamencoGranada\/","https:\/\/www.instagram.com\/tablaojardinesdezoraya\/","https:\/\/www.tiktok.com\/@flamencogranada"]},{"@type":"Person","@id":"https:\/\/flamencogranada.com\/fr\/#\/schema\/person\/415d127fe1bdb9c2bc58c068387ea9f5","name":"jacinto","image":{"@type":"ImageObject","inLanguage":"fr-FR","@id":"https:\/\/secure.gravatar.com\/avatar\/be9e27bc927e6bdef9e9f8e2560ad975ebc1a341b34619fc9295577418cb58cb?s=96&d=mm&r=g","url":"https:\/\/secure.gravatar.com\/avatar\/be9e27bc927e6bdef9e9f8e2560ad975ebc1a341b34619fc9295577418cb58cb?s=96&d=mm&r=g","contentUrl":"https:\/\/secure.gravatar.com\/avatar\/be9e27bc927e6bdef9e9f8e2560ad975ebc1a341b34619fc9295577418cb58cb?s=96&d=mm&r=g","caption":"jacinto"}}]}},"_links":{"self":[{"href":"https:\/\/flamencogranada.com\/fr\/wp-json\/wp\/v2\/posts\/18600","targetHints":{"allow":["GET"]}}],"collection":[{"href":"https:\/\/flamencogranada.com\/fr\/wp-json\/wp\/v2\/posts"}],"about":[{"href":"https:\/\/flamencogranada.com\/fr\/wp-json\/wp\/v2\/types\/post"}],"author":[{"embeddable":true,"href":"https:\/\/flamencogranada.com\/fr\/wp-json\/wp\/v2\/users\/8"}],"replies":[{"embeddable":true,"href":"https:\/\/flamencogranada.com\/fr\/wp-json\/wp\/v2\/comments?post=18600"}],"version-history":[{"count":0,"href":"https:\/\/flamencogranada.com\/fr\/wp-json\/wp\/v2\/posts\/18600\/revisions"}],"wp:featuredmedia":[{"embeddable":true,"href":"https:\/\/flamencogranada.com\/fr\/wp-json\/wp\/v2\/media\/18592"}],"wp:attachment":[{"href":"https:\/\/flamencogranada.com\/fr\/wp-json\/wp\/v2\/media?parent=18600"}],"wp:term":[{"taxonomy":"category","embeddable":true,"href":"https:\/\/flamencogranada.com\/fr\/wp-json\/wp\/v2\/categories?post=18600"},{"taxonomy":"post_tag","embeddable":true,"href":"https:\/\/flamencogranada.com\/fr\/wp-json\/wp\/v2\/tags?post=18600"}],"curies":[{"name":"wp","href":"https:\/\/api.w.org\/{rel}","templated":true}]}}