{"id":8619,"date":"2023-05-04T10:23:40","date_gmt":"2023-05-04T08:23:40","guid":{"rendered":"https:\/\/jardinesdezoraya.sidnpre.com\/cantantes-flamenco-granada\/"},"modified":"2025-07-16T13:31:24","modified_gmt":"2025-07-16T11:31:24","slug":"flamenco-singers-in-granada","status":"publish","type":"post","link":"https:\/\/flamencogranada.com\/en\/blog\/flamenco-singers-in-granada\/","title":{"rendered":"7 Flamenco Singers in Granada that you should know"},"content":{"rendered":"<p><span style=\"font-weight: 400;\">The <\/span><b>flamenco singing in Granada,<\/b><span style=\"font-weight: 400;\">  also known as <strong>&#8220;cante jondo&#8221;<\/strong> is one of the most representative expressions of Andalusian folklore, considered an art of the people. An art that plays a decisive role in the history of the origins of the cante grande, where in the caves of Sacromonte, a style of exceptional character was born and is still preserved: the zambra. He is currently one of the <strong>most important flamenco references in Spain<\/strong>.  <\/span><\/p>\n<p><span style=\"font-weight: 400;\">It is precisely in this gypsy neighborhood where the &#8220;jondura&#8221; and &#8220;el duende&#8221; arise, and where this song and dance that has its roots in the sixteenth century appears, but today is still carried by many artists of this land. Do you want to know which are the   <\/span><b>best flamenco singers in Granada<\/b><span style=\"font-weight: 400;\"> at the present time?<\/span><\/p>\n<h2><b>Alicia Morales<\/b><\/h2>\n<p><span style=\"font-weight: 400;\">Alicia Morales&#8217; singing was born cradled by those <strong>faithful to Morente&#8217;s artistic and musical heritage<\/strong>. For her, flamenco is not only her profession, but her passion, her way of life and her culture. <\/span><\/p>\n<p><span style=\"font-weight: 400;\">Her career in the world of flamenco began at a very young age and grew artistically through illustrated lectures by experts such as Jos\u00e9 Luis Ortiz Nuevo, Juan Mesas and Cristina Cruces.  <\/span><\/p>\n<p><span style=\"font-weight: 400;\">He recorded his <strong>first album with his sister Clara Morales<\/strong> and the <strong>group &#8220;Herencia Andalus\u00ed&#8221;<\/strong> when he was only <strong>14 years old<\/strong>. Such was his success that he toured Madrid, Andalusia and the Basque Country, <strong>sharing the stage<\/strong> with artists such as <strong>Rosario Flores, Ni\u00f1a Pastori and El Mani<\/strong>. In addition, he has <strong>performed several times on television and has won several awards<\/strong>.  <\/span><\/p>\n<h2><b>Sergio G\u00f3mez &#8220;el Colorao&#8221;.<\/b><\/h2>\n<p><span style=\"font-weight: 400;\">Sergio &#8220;el Colorao&#8221; is a <strong>flamenco singer from Granada<\/strong> who took his first steps in this art by the hand of his father, Antonio G\u00f3mez &#8220;el Colorao&#8221;. He is part of an <strong>extensive family of cantaores and guitarists<\/strong> and is related to the <strong>Habichuela family<\/strong>. <\/span><\/p>\n<p><span style=\"font-weight: 400;\"><strong>He first went on stage at the age of 6<\/strong> and at the age of 10 he formed the group Oyana together with other promising young flamenco artists. Throughout his career, he <strong>has shared the bill with artists<\/strong> such as <strong>Rafael Amargo, Remedios Amaya, la Susi or Ecos del Roc\u00edo<\/strong>. <\/span><\/p>\n<p><span style=\"font-weight: 400;\">In addition, he has won three first prizes in the Festival de Cante de las Minas contest between 2007 and 2009, and in his album &#8220;Como mi Sangre&#8221;, he has <strong>collaborated with important artists such<\/strong> as <strong>Antonio Canales, Pepe Habichuela or Manuel Parrilla<\/strong>.<\/span><\/p>\n<h2><b>Estrella Morente<\/b><\/h2>\n<p><span style=\"font-weight: 400;\"><strong>Estrella Morente was born in 1980 in Las Gabias<\/strong>. Passionate about singers such as <strong>Camar\u00f3n, La Ni\u00f1a de los Peines or Pepe Marchena<\/strong>, at the age of 4 she was already singing cantes de Levante and <strong>at 7 she sang a taranta with maestro Sabicas<\/strong>, dazzling with her art both renowned flamenco singers and rockers like Lenny Kravitz. <\/span><\/p>\n<p><span style=\"font-weight: 400;\">Thanks to the success of his albums, he has participated in numerous festivals such as the Bienal de Sevilla, the Festival Internacional de M\u00fasica y Danza de Granada and the Festival de la Guitarra de Barcelona. He has also participated in <strong>soundtracks for films such as &#8220;Sobrevivir\u00e9&#8221;, &#8220;Volver&#8221; and &#8220;Chico y Rita<\/strong>&#8220;. <\/span><\/p>\n<h2><b>Antonio G\u00f3mez &#8220;el Turry&#8221; Antonio G\u00f3mez &#8220;el Turry&#8221; Antonio G\u00f3mez &#8220;el Turry&#8221; Antonio G\u00f3mez &#8220;el Turry<\/b><\/h2>\n<p><span style=\"font-weight: 400;\">Antonio &#8220;el Turry&#8221; is <strong>the son of the guitarist Ricardo de la Juana and the dancer Rosa la Canastera<\/strong>. From the age of 10 he began to form part of his father&#8217;s company and that is how he started his professional career. At the age of 18 he moved to Granada to start working in the best tablaos in the province.  <\/span><\/p>\n<p><span style=\"font-weight: 400;\">Throughout his career, he has participated in <strong>several of the most important international festivals<\/strong> such as the opening gala of the Bienal de Sevilla in 2014, held at the Teatro de La Maestranza. Also highlighting the presentation of two own shows &#8220;Flamenco por Naturaleza&#8221; in 2015 and &#8220;Misa Flamenca&#8221; in 2016, which enjoyed great success. <\/span><\/p>\n<h2><b>Marian Fernandez<\/b><\/h2>\n<p><span style=\"font-weight: 400;\">Marian Fern\u00e1ndez is one of Granada&#8217;s <strong>best known flamenco singers.<\/strong> She was born in 1992 and has been singing since she can remember, although it was not until she was 14 years old that she became interested in singing and began to take singing lessons. <\/span><\/p>\n<p><span style=\"font-weight: 400;\">A dancer listened to her and proposed her to accompany her to the Concurso de J\u00f3venes Flamencos de Granada, with which she won the first provincial prize at the dance conservatory and a second prize in Andalusia. In addition, in 2016 he won the second prize in the contest of the mountains of \u00cdllora, in 2017 a second prize for Grana\u00ednas awarded by the Cristina Heeren Foundation of Seville and in 2018 a first prize as &#8220;Best singer of Granada&#8221;. <\/span><\/p>\n<h2><b>Juan Pinilla<\/b><\/h2>\n<p><span style=\"font-weight: 400;\">Juan Pinilla is a <strong>flamenco singer from Granada<\/strong> who is part of the <strong>youngest generation of artists in the province<\/strong>, but who has given a lot to talk about. In 2007 he won the Festival de Cante de las Minas and in <strong>2014 he was nominated for the Latin Grammy Awards<\/strong> in the category of best flamenco album. <\/span><\/p>\n<p><span style=\"font-weight: 400;\">In addition, he stands out for his<strong>work in the dissemination of flamenco in the media<\/strong>, and has been a lecturer and teacher of flamenco in various competitions and courses.<\/span><\/p>\n<h2><b>Marina Heredia<\/b><\/h2>\n<p><span style=\"font-weight: 400;\">Marina Heredia is a flamenco singer born in 1980, <strong>daughter of flamenco singer Jaime Heredia &#8220;El Parr\u00f3n&#8221; and granddaughter of Rosa Heredia La Rochina<\/strong>, a gypsy matriarch who in 2001 received an award for &#8220;her contribution to turn the zambra into a cultural landmark&#8221;.<\/span><\/p>\n<p><span style=\"font-weight: 400;\">She started dancing at Mariquilla&#8217;s school and <strong>at the age of 12 she made her debut as a cantaora in the opening show of the Palacio de Congresos de Granada<\/strong>. Since then, he has participated in numerous shows and competitions. In 2004 he recorded the anthem of Andalusia with artists such as Jos\u00e9 Merc\u00e9, Paco de Luc\u00eda and Enrique Morente, and in 2012 he traveled to San Francisco to perform with the San Francisco Symphony in a rendition of the flamenco ballet &#8221;  <\/span><i><br \/>\n  <span style=\"font-weight: 400;\">El amor brujo<\/span><br \/>\n<\/i><span style=\"font-weight: 400;\">&#8220;by Manuel de Falla.<\/span><\/p>\n<p><span style=\"font-weight: 400;\">As you can see, <strong>Granada is full of flamenco art<\/strong>. And this is just a small sample of it. Artists with a great passion for flamenco that you can enjoy live in tablaos of the city such as  <\/span><b> Zoraya Gardens<\/b><span style=\"font-weight: 400;\">. If you are planning to visit the city soon, don&#8217;t miss the opportunity to attend one of our shows.<\/span><\/p>\n","protected":false},"excerpt":{"rendered":"<p>The flamenco singing in Granada, also known as &#8220;cante jondo&#8221; is one of the most representative expressions of Andalusian folklore, considered an art of the people. An art that plays a decisive role in the history of the origins of the cante grande, where in the caves of Sacromonte, a style of exceptional character was [&hellip;]<\/p>\n","protected":false},"author":8,"featured_media":6530,"comment_status":"closed","ping_status":"closed","sticky":false,"template":"","format":"standard","meta":{"_acf_changed":false,"footnotes":""},"categories":[11],"tags":[],"class_list":["post-8619","post","type-post","status-publish","format-standard","has-post-thumbnail","hentry","category-history"],"acf":[],"yoast_head":"<!-- This site is optimized with the Yoast SEO plugin v27.4 - https:\/\/yoast.com\/product\/yoast-seo-wordpress\/ -->\n<title>7 Flamenco Singers in Granada | Jardines De Zoraya<\/title>\n<meta name=\"description\" content=\"Countless artists from Granada continue to carry the flamenco flag. We present 7 singers of this art that you should know.\" \/>\n<meta name=\"robots\" content=\"index, follow, max-snippet:-1, max-image-preview:large, max-video-preview:-1\" \/>\n<link rel=\"canonical\" href=\"https:\/\/flamencogranada.com\/en\/blog\/flamenco-singers-in-granada\/\" \/>\n<meta property=\"og:locale\" content=\"en_US\" \/>\n<meta property=\"og:type\" content=\"article\" \/>\n<meta property=\"og:title\" content=\"7 Flamenco Singers in Granada | Jardines De Zoraya\" \/>\n<meta property=\"og:description\" content=\"Countless artists from Granada continue to carry the flamenco flag. We present 7 singers of this art that you should know.\" \/>\n<meta property=\"og:url\" content=\"https:\/\/flamencogranada.com\/en\/blog\/flamenco-singers-in-granada\/\" \/>\n<meta property=\"og:site_name\" content=\"Jardines de Zoraya\" \/>\n<meta property=\"article:publisher\" content=\"https:\/\/www.facebook.com\/RestauranteFlamencoGranada\/\" \/>\n<meta property=\"article:published_time\" content=\"2023-05-04T08:23:40+00:00\" \/>\n<meta property=\"article:modified_time\" content=\"2025-07-16T11:31:24+00:00\" \/>\n<meta property=\"og:image\" content=\"https:\/\/flamencogranada.com\/wp-content\/uploads\/2023\/05\/cantantes-de-flamenco-en-granada.jpg\" \/>\n\t<meta property=\"og:image:width\" content=\"1000\" \/>\n\t<meta property=\"og:image:height\" content=\"714\" \/>\n\t<meta property=\"og:image:type\" content=\"image\/jpeg\" \/>\n<meta name=\"author\" content=\"jacinto\" \/>\n<meta name=\"twitter:card\" content=\"summary_large_image\" \/>\n<meta name=\"twitter:label1\" content=\"Written by\" \/>\n\t<meta name=\"twitter:data1\" content=\"jacinto\" \/>\n\t<meta name=\"twitter:label2\" content=\"Est. reading time\" \/>\n\t<meta name=\"twitter:data2\" content=\"5 minutes\" \/>\n<!-- \/ Yoast SEO plugin. -->","yoast_head_json":{"title":"7 Flamenco Singers in Granada | Jardines De Zoraya","description":"Countless artists from Granada continue to carry the flamenco flag. We present 7 singers of this art that you should know.","robots":{"index":"index","follow":"follow","max-snippet":"max-snippet:-1","max-image-preview":"max-image-preview:large","max-video-preview":"max-video-preview:-1"},"canonical":"https:\/\/flamencogranada.com\/en\/blog\/flamenco-singers-in-granada\/","og_locale":"en_US","og_type":"article","og_title":"7 Flamenco Singers in Granada | Jardines De Zoraya","og_description":"Countless artists from Granada continue to carry the flamenco flag. We present 7 singers of this art that you should know.","og_url":"https:\/\/flamencogranada.com\/en\/blog\/flamenco-singers-in-granada\/","og_site_name":"Jardines de Zoraya","article_publisher":"https:\/\/www.facebook.com\/RestauranteFlamencoGranada\/","article_published_time":"2023-05-04T08:23:40+00:00","article_modified_time":"2025-07-16T11:31:24+00:00","og_image":[{"width":1000,"height":714,"url":"https:\/\/flamencogranada.com\/wp-content\/uploads\/2023\/05\/cantantes-de-flamenco-en-granada.jpg","type":"image\/jpeg"}],"author":"jacinto","twitter_card":"summary_large_image","twitter_misc":{"Written by":"jacinto","Est. reading time":"5 minutes"},"schema":{"@context":"https:\/\/schema.org","@graph":[{"@type":"Article","@id":"https:\/\/flamencogranada.com\/en\/blog\/flamenco-singers-in-granada\/#article","isPartOf":{"@id":"https:\/\/flamencogranada.com\/en\/blog\/flamenco-singers-in-granada\/"},"author":{"name":"jacinto","@id":"https:\/\/flamencogranada.com\/en\/#\/schema\/person\/415d127fe1bdb9c2bc58c068387ea9f5"},"headline":"7 Flamenco Singers in Granada that you should know","datePublished":"2023-05-04T08:23:40+00:00","dateModified":"2025-07-16T11:31:24+00:00","mainEntityOfPage":{"@id":"https:\/\/flamencogranada.com\/en\/blog\/flamenco-singers-in-granada\/"},"wordCount":1061,"publisher":{"@id":"https:\/\/flamencogranada.com\/en\/#organization"},"image":{"@id":"https:\/\/flamencogranada.com\/en\/blog\/flamenco-singers-in-granada\/#primaryimage"},"thumbnailUrl":"https:\/\/flamencogranada.com\/wp-content\/uploads\/2023\/05\/cantantes-de-flamenco-en-granada.jpg?wsr","articleSection":["History"],"inLanguage":"en-US"},{"@type":"WebPage","@id":"https:\/\/flamencogranada.com\/en\/blog\/flamenco-singers-in-granada\/","url":"https:\/\/flamencogranada.com\/en\/blog\/flamenco-singers-in-granada\/","name":"7 Flamenco Singers in Granada | Jardines De Zoraya","isPartOf":{"@id":"https:\/\/flamencogranada.com\/en\/#website"},"primaryImageOfPage":{"@id":"https:\/\/flamencogranada.com\/en\/blog\/flamenco-singers-in-granada\/#primaryimage"},"image":{"@id":"https:\/\/flamencogranada.com\/en\/blog\/flamenco-singers-in-granada\/#primaryimage"},"thumbnailUrl":"https:\/\/flamencogranada.com\/wp-content\/uploads\/2023\/05\/cantantes-de-flamenco-en-granada.jpg?wsr","datePublished":"2023-05-04T08:23:40+00:00","dateModified":"2025-07-16T11:31:24+00:00","description":"Countless artists from Granada continue to carry the flamenco flag. We present 7 singers of this art that you should know.","breadcrumb":{"@id":"https:\/\/flamencogranada.com\/en\/blog\/flamenco-singers-in-granada\/#breadcrumb"},"inLanguage":"en-US","potentialAction":[{"@type":"ReadAction","target":["https:\/\/flamencogranada.com\/en\/blog\/flamenco-singers-in-granada\/"]}]},{"@type":"ImageObject","inLanguage":"en-US","@id":"https:\/\/flamencogranada.com\/en\/blog\/flamenco-singers-in-granada\/#primaryimage","url":"https:\/\/flamencogranada.com\/wp-content\/uploads\/2023\/05\/cantantes-de-flamenco-en-granada.jpg?wsr","contentUrl":"https:\/\/flamencogranada.com\/wp-content\/uploads\/2023\/05\/cantantes-de-flamenco-en-granada.jpg?wsr","width":1000,"height":714,"caption":"guitarra flamenca"},{"@type":"BreadcrumbList","@id":"https:\/\/flamencogranada.com\/en\/blog\/flamenco-singers-in-granada\/#breadcrumb","itemListElement":[{"@type":"ListItem","position":1,"name":"Home","item":"https:\/\/flamencogranada.com\/en\/"},{"@type":"ListItem","position":2,"name":"7 Flamenco Singers in Granada that you should know"}]},{"@type":"WebSite","@id":"https:\/\/flamencogranada.com\/en\/#website","url":"https:\/\/flamencogranada.com\/en\/","name":"Jardines Zoraya","description":"Aut\u00e9ntico espect\u00e1culo flamenco en Granada para disfrutar del arte y el baile mientras degustas platos andaluces tradicionales en un tablao en el Albaic\u00edn.","publisher":{"@id":"https:\/\/flamencogranada.com\/en\/#organization"},"alternateName":"Flamenco en Granada","potentialAction":[{"@type":"SearchAction","target":{"@type":"EntryPoint","urlTemplate":"https:\/\/flamencogranada.com\/en\/?s={search_term_string}"},"query-input":{"@type":"PropertyValueSpecification","valueRequired":true,"valueName":"search_term_string"}}],"inLanguage":"en-US"},{"@type":"Organization","@id":"https:\/\/flamencogranada.com\/en\/#organization","name":"Jardines de Zoraya Flamenco Granada","alternateName":"Jardines de Zoraya","url":"https:\/\/flamencogranada.com\/en\/","logo":{"@type":"ImageObject","inLanguage":"en-US","@id":"https:\/\/flamencogranada.com\/en\/#\/schema\/logo\/image\/","url":"https:\/\/flamencogranada.com\/wp-content\/uploads\/2024\/06\/logo-invertido.png?wsr","contentUrl":"https:\/\/flamencogranada.com\/wp-content\/uploads\/2024\/06\/logo-invertido.png?wsr","width":208,"height":102,"caption":"Jardines de Zoraya Flamenco Granada"},"image":{"@id":"https:\/\/flamencogranada.com\/en\/#\/schema\/logo\/image\/"},"sameAs":["https:\/\/www.facebook.com\/RestauranteFlamencoGranada\/","https:\/\/www.instagram.com\/tablaojardinesdezoraya\/","https:\/\/www.tiktok.com\/@flamencogranada"]},{"@type":"Person","@id":"https:\/\/flamencogranada.com\/en\/#\/schema\/person\/415d127fe1bdb9c2bc58c068387ea9f5","name":"jacinto","image":{"@type":"ImageObject","inLanguage":"en-US","@id":"https:\/\/secure.gravatar.com\/avatar\/be9e27bc927e6bdef9e9f8e2560ad975ebc1a341b34619fc9295577418cb58cb?s=96&d=mm&r=g","url":"https:\/\/secure.gravatar.com\/avatar\/be9e27bc927e6bdef9e9f8e2560ad975ebc1a341b34619fc9295577418cb58cb?s=96&d=mm&r=g","contentUrl":"https:\/\/secure.gravatar.com\/avatar\/be9e27bc927e6bdef9e9f8e2560ad975ebc1a341b34619fc9295577418cb58cb?s=96&d=mm&r=g","caption":"jacinto"}}]}},"_links":{"self":[{"href":"https:\/\/flamencogranada.com\/en\/wp-json\/wp\/v2\/posts\/8619","targetHints":{"allow":["GET"]}}],"collection":[{"href":"https:\/\/flamencogranada.com\/en\/wp-json\/wp\/v2\/posts"}],"about":[{"href":"https:\/\/flamencogranada.com\/en\/wp-json\/wp\/v2\/types\/post"}],"author":[{"embeddable":true,"href":"https:\/\/flamencogranada.com\/en\/wp-json\/wp\/v2\/users\/8"}],"replies":[{"embeddable":true,"href":"https:\/\/flamencogranada.com\/en\/wp-json\/wp\/v2\/comments?post=8619"}],"version-history":[{"count":0,"href":"https:\/\/flamencogranada.com\/en\/wp-json\/wp\/v2\/posts\/8619\/revisions"}],"wp:featuredmedia":[{"embeddable":true,"href":"https:\/\/flamencogranada.com\/en\/wp-json\/wp\/v2\/media\/6530"}],"wp:attachment":[{"href":"https:\/\/flamencogranada.com\/en\/wp-json\/wp\/v2\/media?parent=8619"}],"wp:term":[{"taxonomy":"category","embeddable":true,"href":"https:\/\/flamencogranada.com\/en\/wp-json\/wp\/v2\/categories?post=8619"},{"taxonomy":"post_tag","embeddable":true,"href":"https:\/\/flamencogranada.com\/en\/wp-json\/wp\/v2\/tags?post=8619"}],"curies":[{"name":"wp","href":"https:\/\/api.w.org\/{rel}","templated":true}]}}